{"id":823,"date":"2020-04-28T17:24:30","date_gmt":"2020-04-28T20:24:30","guid":{"rendered":"https:\/\/isfddoraacosta-caba.infd.edu.ar\/sitio\/?p=823"},"modified":"2020-04-28T17:24:30","modified_gmt":"2020-04-28T20:24:30","slug":"nuestra-historia","status":"publish","type":"post","link":"https:\/\/isfddoraacosta-caba.infd.edu.ar\/sitio\/nuestra-historia\/","title":{"rendered":"Nuestra historia"},"content":{"rendered":"<p><span style=\"font-weight: 400;\">La organizaci\u00f3n pol\u00edtica \u00abEl Hormiguero\u00bb se propone luchar y contribuir a la justicia social. En el 2014, El Hormiguero empieza a construir el Instituto Superior de Formaci\u00f3n Docente \u201cDora Acosta\u201d en la Villa 31bis, CABA, Argentina, instituci\u00f3n destinada a formar maestros y maestras. A partir de all\u00ed empezamos a transitar un camino de construcci\u00f3n colectiva e inclusi\u00f3n educativa.<\/span><\/p>\n<p><span style=\"font-weight: 400;\">El Profesorado de Educaci\u00f3n Primaria es la primera carrera que tiene nuestra instituci\u00f3n. La decisi\u00f3n de implementar esta carrera fue mediante una asamblea de compa\u00f1eros\/as de la organizaci\u00f3n, en la misma se plante\u00f3 la necesidad de la continuidad educativa. El barrio contaba en el 2014, con varias oportunidades de terminalidad del nivel medio: FinES, CENS, Bachillerato Popular y Secundarias P\u00fablicas, por lo tanto nos propusimos ampliar el sistema educativo p\u00fablico del nivel terciario, generando la oportunidad de que aquellos vecinos\/as del barrio que quieran ser maestros\/as pudieran serlo.<\/span><span style=\"font-weight: 400;\">\u00a0<\/span><\/p>\n<p><span style=\"font-weight: 400;\">\u00bfPor qu\u00e9 Dora Acosta? Dora es desaparecida de la \u00faltima dictadura c\u00edvico-militar, estudi\u00f3 la licenciatura de filosof\u00eda y letras en la UBA, y militaba en el Peronismo de Base. Dora hab\u00eda sido maestra, militante y formaba parte de una generaci\u00f3n que crey\u00f3 en que el cambio social pod\u00eda avenirse.<\/span><\/p>\n<p><span style=\"font-weight: 400;\">\u00a0<\/span><span style=\"font-weight: 400;\">Poco se sabe de su historia. Luego de su desaparici\u00f3n su padre se convirti\u00f3 en un gran luchador por los derechos humanos, pero tanto \u00e9l como su madre fallecieron. Ning\u00fan sobreviviente declar\u00f3 haber visto a Dora en alg\u00fan centro de detenci\u00f3n clandestino, por lo que no hay indicios de su destino, como del de muchas\/os otras\/os. Cuando una compa\u00f1era plante\u00f3 la opci\u00f3n de que el profesorado lleve su nombre, y despu\u00e9s de muchos meses de discusi\u00f3n, el consenso fue absoluto.<\/span> <span style=\"font-weight: 400;\">Despu\u00e9s que decidimos el nombre de nuestra instituci\u00f3n nos encontramos con Mar\u00eda (hermana de Dorita), ella se hab\u00eda exiliado a Francia en 1977. Mar\u00eda hab\u00eda vuelta a vivir a Argentina el mismo a\u00f1o que naci\u00f3 el profesorado. La encontramos, nos encontr\u00f3, nos abrazamos para siempre, sabiendo que esta instituci\u00f3n era la s\u00edntesis y la continuidad de una historia de luchas por los derechos que no pudo ser destruida.<\/span><\/p>\n<p><span style=\"font-weight: 400;\">El Dorita -como le decimos los\/as que los que habitamos el profesorado- es memoria y presencia de las luchas de Dora Acosta como de lxs 30.000 compa\u00f1eros y compa\u00f1eras detenidxs desaparecidxs que so\u00f1aron un patria m\u00e1s justa. Es la visibilizaci\u00f3n de las mujeres como referentas pol\u00edticas disputando el espacio p\u00fablico, caracter\u00edsticas que el patriarcado niega e invisibiliza<\/span><span style=\"font-weight: 400;\">.<\/span><\/p>\n","protected":false},"excerpt":{"rendered":"<p>La organizaci\u00f3n pol\u00edtica \u00abEl Hormiguero\u00bb se propone luchar y contribuir a la justicia social. En el 2014, El Hormiguero empieza a construir el Instituto Superior de Formaci\u00f3n Docente \u201cDora Acosta\u201d en la Villa 31bis, CABA, Argentina, instituci\u00f3n destinada a formar maestros y maestras. A partir de all\u00ed empezamos a transitar un camino de construcci\u00f3n colectiva &#8230; <a title=\"Nuestra historia\" class=\"read-more\" href=\"https:\/\/isfddoraacosta-caba.infd.edu.ar\/sitio\/nuestra-historia\/\" aria-label=\"More on Nuestra historia\">[+]<\/a><\/p>\n","protected":false},"author":11,"featured_media":0,"comment_status":"open","ping_status":"open","sticky":false,"template":"","format":"standard","meta":[],"categories":[1],"tags":[],"acf":[],"_links":{"self":[{"href":"https:\/\/isfddoraacosta-caba.infd.edu.ar\/sitio\/wp-json\/wp\/v2\/posts\/823"}],"collection":[{"href":"https:\/\/isfddoraacosta-caba.infd.edu.ar\/sitio\/wp-json\/wp\/v2\/posts"}],"about":[{"href":"https:\/\/isfddoraacosta-caba.infd.edu.ar\/sitio\/wp-json\/wp\/v2\/types\/post"}],"author":[{"embeddable":true,"href":"https:\/\/isfddoraacosta-caba.infd.edu.ar\/sitio\/wp-json\/wp\/v2\/users\/11"}],"replies":[{"embeddable":true,"href":"https:\/\/isfddoraacosta-caba.infd.edu.ar\/sitio\/wp-json\/wp\/v2\/comments?post=823"}],"version-history":[{"count":1,"href":"https:\/\/isfddoraacosta-caba.infd.edu.ar\/sitio\/wp-json\/wp\/v2\/posts\/823\/revisions"}],"predecessor-version":[{"id":824,"href":"https:\/\/isfddoraacosta-caba.infd.edu.ar\/sitio\/wp-json\/wp\/v2\/posts\/823\/revisions\/824"}],"wp:attachment":[{"href":"https:\/\/isfddoraacosta-caba.infd.edu.ar\/sitio\/wp-json\/wp\/v2\/media?parent=823"}],"wp:term":[{"taxonomy":"category","embeddable":true,"href":"https:\/\/isfddoraacosta-caba.infd.edu.ar\/sitio\/wp-json\/wp\/v2\/categories?post=823"},{"taxonomy":"post_tag","embeddable":true,"href":"https:\/\/isfddoraacosta-caba.infd.edu.ar\/sitio\/wp-json\/wp\/v2\/tags?post=823"}],"curies":[{"name":"wp","href":"https:\/\/api.w.org\/{rel}","templated":true}]}}